{"id":170,"date":"2021-04-30T15:23:19","date_gmt":"2021-04-30T13:23:19","guid":{"rendered":"http:\/\/ciqriveneuve.fr\/?p=170"},"modified":"2021-04-30T15:29:54","modified_gmt":"2021-04-30T13:29:54","slug":"nouveau-bureau","status":"publish","type":"post","link":"https:\/\/ciqriveneuve.fr\/?p=170","title":{"rendered":"Nouveau Bureau"},"content":{"rendered":"\n<p>Le Conseil d&rsquo;Administration a vot\u00e9 un nouveau Bureau ce 26 avril 2021 !<br>Notre nouvelle \u00e9quipe sera d\u00e9sormais la suivante :<\/p>\n\n\n\n<p> Pr\u00e9sident : Jonathan FESCH<\/p>\n\n\n\n<p>\/ Vice-pr\u00e9sidente : Sylvie LARIDAN<\/p>\n\n\n\n<p>\/ Tr\u00e9sorier : Oren SOUSSAN<\/p>\n\n\n\n<p>\/ Secr\u00e9taire : Marie-Claire NICOLAS<br><br>Toute l&rsquo;\u00e9quipe reste mobilis\u00e9e et disponible pour vous rencontrer. <\/p>\n\n\n\n<p>N&rsquo;h\u00e9sitez pas \u00e0 nous contacter par mail.<\/p>\n\n\n\n<p><\/p>\n","protected":false},"excerpt":{"rendered":"<p>Le Conseil d&rsquo;Administration a vot\u00e9 un nouveau Bureau ce 26 avril 2021 !Notre nouvelle \u00e9quipe sera d\u00e9sormais la suivante : Pr\u00e9sident : Jonathan FESCH \/ Vice-pr\u00e9sidente : Sylvie LARIDAN \/ Tr\u00e9sorier : Oren SOUSSAN \/ Secr\u00e9taire : Marie-Claire NICOLAS Toute l&rsquo;\u00e9quipe reste mobilis\u00e9e et disponible pour vous rencontrer. N&rsquo;h\u00e9sitez pas \u00e0 nous contacter par mail.<\/p>\n","protected":false},"author":1,"featured_media":0,"comment_status":"open","ping_status":"open","sticky":false,"template":"","format":"standard","meta":{"footnotes":""},"categories":[1],"tags":[],"class_list":["post-170","post","type-post","status-publish","format-standard","hentry","category-non-classe"],"yoast_head":"<!-- This site is optimized with the Yoast SEO plugin v24.2 - https:\/\/yoast.com\/wordpress\/plugins\/seo\/ -->\n<title>Nouveau Bureau - C.I.Q. Rive-Neuve<\/title>\n<meta name=\"robots\" content=\"index, follow, max-snippet:-1, max-image-preview:large, max-video-preview:-1\" \/>\n<link rel=\"canonical\" href=\"https:\/\/ciqriveneuve.fr\/?p=170\" \/>\n<meta property=\"og:locale\" content=\"fr_FR\" \/>\n<meta property=\"og:type\" content=\"article\" \/>\n<meta property=\"og:title\" content=\"Nouveau Bureau - C.I.Q. Rive-Neuve\" \/>\n<meta property=\"og:description\" content=\"Le Conseil d&rsquo;Administration a vot\u00e9 un nouveau Bureau ce 26 avril 2021 !Notre nouvelle \u00e9quipe sera d\u00e9sormais la suivante : Pr\u00e9sident : Jonathan FESCH \/ Vice-pr\u00e9sidente : Sylvie LARIDAN \/ Tr\u00e9sorier : Oren SOUSSAN \/ Secr\u00e9taire : Marie-Claire NICOLAS Toute l&rsquo;\u00e9quipe reste mobilis\u00e9e et disponible pour vous rencontrer. N&rsquo;h\u00e9sitez pas \u00e0 nous contacter par mail.\" \/>\n<meta property=\"og:url\" content=\"https:\/\/ciqriveneuve.fr\/?p=170\" \/>\n<meta property=\"og:site_name\" content=\"C.I.Q. Rive-Neuve\" \/>\n<meta property=\"article:published_time\" content=\"2021-04-30T13:23:19+00:00\" \/>\n<meta property=\"article:modified_time\" content=\"2021-04-30T13:29:54+00:00\" \/>\n<meta name=\"author\" content=\"ciqrnsv\" \/>\n<meta name=\"twitter:card\" content=\"summary_large_image\" \/>\n<meta name=\"twitter:label1\" content=\"\u00c9crit par\" \/>\n\t<meta name=\"twitter:data1\" content=\"ciqrnsv\" \/>\n\t<meta name=\"twitter:label2\" content=\"Dur\u00e9e de lecture estim\u00e9e\" \/>\n\t<meta name=\"twitter:data2\" content=\"1 minute\" \/>\n<script type=\"application\/ld+json\" class=\"yoast-schema-graph\">{\"@context\":\"https:\/\/schema.org\",\"@graph\":[{\"@type\":\"WebPage\",\"@id\":\"https:\/\/ciqriveneuve.fr\/?p=170\",\"url\":\"https:\/\/ciqriveneuve.fr\/?p=170\",\"name\":\"Nouveau Bureau - C.I.Q. Rive-Neuve\",\"isPartOf\":{\"@id\":\"https:\/\/ciqriveneuve.fr\/#website\"},\"datePublished\":\"2021-04-30T13:23:19+00:00\",\"dateModified\":\"2021-04-30T13:29:54+00:00\",\"author\":{\"@id\":\"https:\/\/ciqriveneuve.fr\/#\/schema\/person\/432dd6284ade9a8e947f675f9e2f2d14\"},\"breadcrumb\":{\"@id\":\"https:\/\/ciqriveneuve.fr\/?p=170#breadcrumb\"},\"inLanguage\":\"fr-FR\",\"potentialAction\":[{\"@type\":\"ReadAction\",\"target\":[\"https:\/\/ciqriveneuve.fr\/?p=170\"]}]},{\"@type\":\"BreadcrumbList\",\"@id\":\"https:\/\/ciqriveneuve.fr\/?p=170#breadcrumb\",\"itemListElement\":[{\"@type\":\"ListItem\",\"position\":1,\"name\":\"Accueil\",\"item\":\"https:\/\/ciqriveneuve.fr\/\"},{\"@type\":\"ListItem\",\"position\":2,\"name\":\"Nouveau Bureau\"}]},{\"@type\":\"WebSite\",\"@id\":\"https:\/\/ciqriveneuve.fr\/#website\",\"url\":\"https:\/\/ciqriveneuve.fr\/\",\"name\":\"C.I.Q. Rive-Neuve\",\"description\":\"Votre Comit\u00e9 d&#039;Int\u00e9r\u00eat de Quartier\",\"potentialAction\":[{\"@type\":\"SearchAction\",\"target\":{\"@type\":\"EntryPoint\",\"urlTemplate\":\"https:\/\/ciqriveneuve.fr\/?s={search_term_string}\"},\"query-input\":{\"@type\":\"PropertyValueSpecification\",\"valueRequired\":true,\"valueName\":\"search_term_string\"}}],\"inLanguage\":\"fr-FR\"},{\"@type\":\"Person\",\"@id\":\"https:\/\/ciqriveneuve.fr\/#\/schema\/person\/432dd6284ade9a8e947f675f9e2f2d14\",\"name\":\"ciqrnsv\",\"image\":{\"@type\":\"ImageObject\",\"inLanguage\":\"fr-FR\",\"@id\":\"https:\/\/ciqriveneuve.fr\/#\/schema\/person\/image\/\",\"url\":\"https:\/\/secure.gravatar.com\/avatar\/b824b08ccb68fadddfe9ad612ff4dd42757855fc581a177c8a84e627ef5e57e7?s=96&d=mm&r=g\",\"contentUrl\":\"https:\/\/secure.gravatar.com\/avatar\/b824b08ccb68fadddfe9ad612ff4dd42757855fc581a177c8a84e627ef5e57e7?s=96&d=mm&r=g\",\"caption\":\"ciqrnsv\"},\"sameAs\":[\"http:\/\/ciqriveneuve.fr\"],\"url\":\"https:\/\/ciqriveneuve.fr\/?author=1\"}]}<\/script>\n<!-- \/ Yoast SEO plugin. -->","yoast_head_json":{"title":"Nouveau Bureau - C.I.Q. Rive-Neuve","robots":{"index":"index","follow":"follow","max-snippet":"max-snippet:-1","max-image-preview":"max-image-preview:large","max-video-preview":"max-video-preview:-1"},"canonical":"https:\/\/ciqriveneuve.fr\/?p=170","og_locale":"fr_FR","og_type":"article","og_title":"Nouveau Bureau - C.I.Q. Rive-Neuve","og_description":"Le Conseil d&rsquo;Administration a vot\u00e9 un nouveau Bureau ce 26 avril 2021 !Notre nouvelle \u00e9quipe sera d\u00e9sormais la suivante : Pr\u00e9sident : Jonathan FESCH \/ Vice-pr\u00e9sidente : Sylvie LARIDAN \/ Tr\u00e9sorier : Oren SOUSSAN \/ Secr\u00e9taire : Marie-Claire NICOLAS Toute l&rsquo;\u00e9quipe reste mobilis\u00e9e et disponible pour vous rencontrer. N&rsquo;h\u00e9sitez pas \u00e0 nous contacter par mail.","og_url":"https:\/\/ciqriveneuve.fr\/?p=170","og_site_name":"C.I.Q. Rive-Neuve","article_published_time":"2021-04-30T13:23:19+00:00","article_modified_time":"2021-04-30T13:29:54+00:00","author":"ciqrnsv","twitter_card":"summary_large_image","twitter_misc":{"\u00c9crit par":"ciqrnsv","Dur\u00e9e de lecture estim\u00e9e":"1 minute"},"schema":{"@context":"https:\/\/schema.org","@graph":[{"@type":"WebPage","@id":"https:\/\/ciqriveneuve.fr\/?p=170","url":"https:\/\/ciqriveneuve.fr\/?p=170","name":"Nouveau Bureau - C.I.Q. Rive-Neuve","isPartOf":{"@id":"https:\/\/ciqriveneuve.fr\/#website"},"datePublished":"2021-04-30T13:23:19+00:00","dateModified":"2021-04-30T13:29:54+00:00","author":{"@id":"https:\/\/ciqriveneuve.fr\/#\/schema\/person\/432dd6284ade9a8e947f675f9e2f2d14"},"breadcrumb":{"@id":"https:\/\/ciqriveneuve.fr\/?p=170#breadcrumb"},"inLanguage":"fr-FR","potentialAction":[{"@type":"ReadAction","target":["https:\/\/ciqriveneuve.fr\/?p=170"]}]},{"@type":"BreadcrumbList","@id":"https:\/\/ciqriveneuve.fr\/?p=170#breadcrumb","itemListElement":[{"@type":"ListItem","position":1,"name":"Accueil","item":"https:\/\/ciqriveneuve.fr\/"},{"@type":"ListItem","position":2,"name":"Nouveau Bureau"}]},{"@type":"WebSite","@id":"https:\/\/ciqriveneuve.fr\/#website","url":"https:\/\/ciqriveneuve.fr\/","name":"C.I.Q. Rive-Neuve","description":"Votre Comit\u00e9 d&#039;Int\u00e9r\u00eat de Quartier","potentialAction":[{"@type":"SearchAction","target":{"@type":"EntryPoint","urlTemplate":"https:\/\/ciqriveneuve.fr\/?s={search_term_string}"},"query-input":{"@type":"PropertyValueSpecification","valueRequired":true,"valueName":"search_term_string"}}],"inLanguage":"fr-FR"},{"@type":"Person","@id":"https:\/\/ciqriveneuve.fr\/#\/schema\/person\/432dd6284ade9a8e947f675f9e2f2d14","name":"ciqrnsv","image":{"@type":"ImageObject","inLanguage":"fr-FR","@id":"https:\/\/ciqriveneuve.fr\/#\/schema\/person\/image\/","url":"https:\/\/secure.gravatar.com\/avatar\/b824b08ccb68fadddfe9ad612ff4dd42757855fc581a177c8a84e627ef5e57e7?s=96&d=mm&r=g","contentUrl":"https:\/\/secure.gravatar.com\/avatar\/b824b08ccb68fadddfe9ad612ff4dd42757855fc581a177c8a84e627ef5e57e7?s=96&d=mm&r=g","caption":"ciqrnsv"},"sameAs":["http:\/\/ciqriveneuve.fr"],"url":"https:\/\/ciqriveneuve.fr\/?author=1"}]}},"_links":{"self":[{"href":"https:\/\/ciqriveneuve.fr\/index.php?rest_route=\/wp\/v2\/posts\/170","targetHints":{"allow":["GET"]}}],"collection":[{"href":"https:\/\/ciqriveneuve.fr\/index.php?rest_route=\/wp\/v2\/posts"}],"about":[{"href":"https:\/\/ciqriveneuve.fr\/index.php?rest_route=\/wp\/v2\/types\/post"}],"author":[{"embeddable":true,"href":"https:\/\/ciqriveneuve.fr\/index.php?rest_route=\/wp\/v2\/users\/1"}],"replies":[{"embeddable":true,"href":"https:\/\/ciqriveneuve.fr\/index.php?rest_route=%2Fwp%2Fv2%2Fcomments&post=170"}],"version-history":[{"count":4,"href":"https:\/\/ciqriveneuve.fr\/index.php?rest_route=\/wp\/v2\/posts\/170\/revisions"}],"predecessor-version":[{"id":174,"href":"https:\/\/ciqriveneuve.fr\/index.php?rest_route=\/wp\/v2\/posts\/170\/revisions\/174"}],"wp:attachment":[{"href":"https:\/\/ciqriveneuve.fr\/index.php?rest_route=%2Fwp%2Fv2%2Fmedia&parent=170"}],"wp:term":[{"taxonomy":"category","embeddable":true,"href":"https:\/\/ciqriveneuve.fr\/index.php?rest_route=%2Fwp%2Fv2%2Fcategories&post=170"},{"taxonomy":"post_tag","embeddable":true,"href":"https:\/\/ciqriveneuve.fr\/index.php?rest_route=%2Fwp%2Fv2%2Ftags&post=170"}],"curies":[{"name":"wp","href":"https:\/\/api.w.org\/{rel}","templated":true}]}}